{"id":4248,"date":"2024-05-21T08:44:54","date_gmt":"2024-05-21T06:44:54","guid":{"rendered":"https:\/\/www.nafplionfestival.gr\/?p=4248"},"modified":"2024-06-19T11:15:17","modified_gmt":"2024-06-19T09:15:17","slug":"2-7-2024-en","status":"publish","type":"post","link":"https:\/\/www.nafplionfestival.gr\/en\/2-7-2024-en\/","title":{"rendered":"Tuesday, July 2"},"content":{"rendered":"<div class=\"fusion-fullwidth fullwidth-box fusion-builder-row-1 fusion-flex-container has-pattern-background has-mask-background nonhundred-percent-fullwidth non-hundred-percent-height-scrolling\" style=\"--awb-border-radius-top-left:0px;--awb-border-radius-top-right:0px;--awb-border-radius-bottom-right:0px;--awb-border-radius-bottom-left:0px;--awb-flex-wrap:wrap;\" ><div class=\"fusion-builder-row fusion-row fusion-flex-align-items-flex-start fusion-flex-content-wrap\" style=\"max-width:1216.8px;margin-left: calc(-4% \/ 2 );margin-right: calc(-4% \/ 2 );\"><div class=\"fusion-layout-column fusion_builder_column fusion-builder-column-0 fusion_builder_column_1_1 1_1 fusion-flex-column\" style=\"--awb-bg-size:cover;--awb-width-large:100%;--awb-margin-top-large:0px;--awb-spacing-right-large:1.92%;--awb-margin-bottom-large:20px;--awb-spacing-left-large:1.92%;--awb-width-medium:100%;--awb-order-medium:0;--awb-spacing-right-medium:1.92%;--awb-spacing-left-medium:1.92%;--awb-width-small:100%;--awb-order-small:0;--awb-spacing-right-small:1.92%;--awb-spacing-left-small:1.92%;\"><div class=\"fusion-column-wrapper fusion-column-has-shadow fusion-flex-justify-content-flex-start fusion-content-layout-column\"><div class=\"fusion-text fusion-text-1\"><p>Program<\/p>\n<p><strong>Josef Suk<\/strong> (1874 \u2013 1935)<br \/>\nElegy for piano trio, op. 23<span lang=\"EN-GB\"><br \/>\n<\/span><\/p>\n<p><b>Bed\u0159ich Smetana <\/b>(1824 &#8211; 1884)<br \/>\nPiano trio in g minor, op. 15<\/p>\n<p><em>Moderato Assai<\/em><br \/>\n<em>Allegro, Ma Non Agitato<\/em><br \/>\n<em>Presto<\/em><\/p>\n<p>Intermission<\/p>\n<p><b>Anton\u00edn Dvo\u0159\u00e1k<\/b> (1841 &#8211; 1904)<br \/>\n<b><\/b>Piano trio no. 4, op. 90<span lang=\"EN-GB\">\u00a0 &#8220;Dumky&#8221;<br \/>\n<\/span><\/p>\n<p><em> Lento maestoso \u2014 Allegro quasi doppio movimento<\/em><br \/>\n<em>Poco adagio \u2014 Vivace non troppo \u2014 Vivace <\/em><br \/>\n<em>Andante \u2014 Vivace non troppo \u2014 Allegretto <\/em><br \/>\n<em>Andante moderato \u2014 Allegretto scherzando \u2014 Quasi tempo di marcia <\/em><br \/>\n<em>Allegro <\/em><br \/>\n<em>Lento maestoso<\/em><\/p>\n<p><strong>Trio Vy\u0161ehrad<\/strong><br \/>\nNat\u00e1lie Toperczerov\u00e1, violin<br \/>\n\u0160t\u011bp\u00e1nka Plockov\u00e1, cello<br \/>\nPavol Pra\u017eenica, piano<\/p>\n<div class=\"page\" title=\"Page 14\">\n<div class=\"layoutArea\">\n<div class=\"column\">\n<p>The Vysehrad Trio was founded in Prague in 2018. The musicians of the Trio have had several successful performances both as soloists and members of the en- semble; they also play in orchestral ensembles.<br \/>\nThe Trio has performed, among others, in the Czech Embassy in Berlin, the Mar- tinu Hall at Liechtenstein Palace, the Saint Charles Borromeo Home, the National<\/p>\n<\/div>\n<\/div>\n<\/div>\n<div class=\"page\" title=\"Page 15\">\n<div class=\"layoutArea\">\n<div class=\"column\">\n<p>Pedagogical Museum and Library of J.A. Comenius in Prague. Its favorite reper- toire includes works by Felix Mendelssohn-Bartholdy and Sergei Rachmaninov. The Vysehrad Trio came 3rd (chamber music category) in the international music competition Concertino Praga 2021.<\/p>\n<\/div>\n<\/div>\n<\/div>\n<\/div><\/div><\/div><\/div><\/div>\n","protected":false},"excerpt":{"rendered":"<p>Vysehrad Trio<\/p>\n","protected":false},"author":1,"featured_media":4313,"comment_status":"closed","ping_status":"closed","sticky":false,"template":"","format":"standard","meta":{"_acf_changed":false,"footnotes":""},"categories":[1596,13],"tags":[],"class_list":["post-4248","post","type-post","status-publish","format-standard","has-post-thumbnail","hentry","category-2024-en","category-ekdilwseis"],"acf":[],"yoast_head":"<!-- This site is optimized with the Yoast SEO Premium plugin v26.3 (Yoast SEO v27.0) - https:\/\/yoast.com\/product\/yoast-seo-premium-wordpress\/ -->\n<title>Tuesday, July 2 - 34th Nafplion Festival 2025<\/title>\n<meta name=\"robots\" content=\"index, follow, max-snippet:-1, max-image-preview:large, max-video-preview:-1\" \/>\n<link rel=\"canonical\" href=\"https:\/\/www.nafplionfestival.gr\/en\/2-7-2024-en\/\" \/>\n<meta property=\"og:locale\" content=\"en_US\" \/>\n<meta property=\"og:type\" content=\"article\" \/>\n<meta property=\"og:title\" content=\"Tuesday, July 2\" \/>\n<meta property=\"og:description\" content=\"Vysehrad Trio\" \/>\n<meta property=\"og:url\" content=\"https:\/\/www.nafplionfestival.gr\/en\/2-7-2024-en\/\" \/>\n<meta property=\"og:site_name\" content=\"34th Nafplion Festival 2025\" \/>\n<meta property=\"article:publisher\" content=\"https:\/\/www.facebook.com\/nafplionfestival\/\" \/>\n<meta property=\"article:published_time\" content=\"2024-05-21T06:44:54+00:00\" \/>\n<meta property=\"article:modified_time\" content=\"2024-06-19T09:15:17+00:00\" \/>\n<meta property=\"og:image\" content=\"https:\/\/www.nafplionfestival.gr\/wp-content\/uploads\/2024\/05\/post_image_vysehrad.jpg\" \/>\n\t<meta property=\"og:image:width\" content=\"1728\" \/>\n\t<meta property=\"og:image:height\" content=\"1296\" \/>\n\t<meta property=\"og:image:type\" content=\"image\/jpeg\" \/>\n<meta name=\"author\" content=\"sadmin\" \/>\n<meta name=\"twitter:card\" content=\"summary_large_image\" \/>\n<meta name=\"twitter:label1\" content=\"Written by\" \/>\n\t<meta name=\"twitter:data1\" content=\"sadmin\" \/>\n\t<meta name=\"twitter:label2\" content=\"Est. reading time\" \/>\n\t<meta name=\"twitter:data2\" content=\"5 minutes\" \/>\n<script type=\"application\/ld+json\" class=\"yoast-schema-graph\">{\"@context\":\"https:\/\/schema.org\",\"@graph\":[{\"@type\":\"Article\",\"@id\":\"https:\/\/www.nafplionfestival.gr\/en\/2-7-2024-en\/#article\",\"isPartOf\":{\"@id\":\"https:\/\/www.nafplionfestival.gr\/en\/2-7-2024-en\/\"},\"author\":{\"name\":\"sadmin\",\"@id\":\"https:\/\/www.nafplionfestival.gr\/en\/#\/schema\/person\/286f38c3df34d8bc2ef32365d6813c1b\"},\"headline\":\"Tuesday, July 2\",\"datePublished\":\"2024-05-21T06:44:54+00:00\",\"dateModified\":\"2024-06-19T09:15:17+00:00\",\"mainEntityOfPage\":{\"@id\":\"https:\/\/www.nafplionfestival.gr\/en\/2-7-2024-en\/\"},\"wordCount\":1101,\"image\":{\"@id\":\"https:\/\/www.nafplionfestival.gr\/en\/2-7-2024-en\/#primaryimage\"},\"thumbnailUrl\":\"https:\/\/www.nafplionfestival.gr\/wp-content\/uploads\/2024\/05\/post_image_vysehrad.jpg\",\"articleSection\":[\"2024\",\"Concerts\"],\"inLanguage\":\"en-US\"},{\"@type\":\"WebPage\",\"@id\":\"https:\/\/www.nafplionfestival.gr\/en\/2-7-2024-en\/\",\"url\":\"https:\/\/www.nafplionfestival.gr\/en\/2-7-2024-en\/\",\"name\":\"Tuesday, July 2 - 34th Nafplion Festival 2025\",\"isPartOf\":{\"@id\":\"https:\/\/www.nafplionfestival.gr\/en\/#website\"},\"primaryImageOfPage\":{\"@id\":\"https:\/\/www.nafplionfestival.gr\/en\/2-7-2024-en\/#primaryimage\"},\"image\":{\"@id\":\"https:\/\/www.nafplionfestival.gr\/en\/2-7-2024-en\/#primaryimage\"},\"thumbnailUrl\":\"https:\/\/www.nafplionfestival.gr\/wp-content\/uploads\/2024\/05\/post_image_vysehrad.jpg\",\"datePublished\":\"2024-05-21T06:44:54+00:00\",\"dateModified\":\"2024-06-19T09:15:17+00:00\",\"author\":{\"@id\":\"https:\/\/www.nafplionfestival.gr\/en\/#\/schema\/person\/286f38c3df34d8bc2ef32365d6813c1b\"},\"breadcrumb\":{\"@id\":\"https:\/\/www.nafplionfestival.gr\/en\/2-7-2024-en\/#breadcrumb\"},\"inLanguage\":\"en-US\",\"potentialAction\":[{\"@type\":\"ReadAction\",\"target\":[\"https:\/\/www.nafplionfestival.gr\/en\/2-7-2024-en\/\"]}]},{\"@type\":\"ImageObject\",\"inLanguage\":\"en-US\",\"@id\":\"https:\/\/www.nafplionfestival.gr\/en\/2-7-2024-en\/#primaryimage\",\"url\":\"https:\/\/www.nafplionfestival.gr\/wp-content\/uploads\/2024\/05\/post_image_vysehrad.jpg\",\"contentUrl\":\"https:\/\/www.nafplionfestival.gr\/wp-content\/uploads\/2024\/05\/post_image_vysehrad.jpg\",\"width\":1728,\"height\":1296},{\"@type\":\"BreadcrumbList\",\"@id\":\"https:\/\/www.nafplionfestival.gr\/en\/2-7-2024-en\/#breadcrumb\",\"itemListElement\":[{\"@type\":\"ListItem\",\"position\":1,\"name\":\"Home\",\"item\":\"https:\/\/www.nafplionfestival.gr\/en\/\"},{\"@type\":\"ListItem\",\"position\":2,\"name\":\"Tuesday, July 2\"}]},{\"@type\":\"WebSite\",\"@id\":\"https:\/\/www.nafplionfestival.gr\/en\/#website\",\"url\":\"https:\/\/www.nafplionfestival.gr\/en\/\",\"name\":\"34th Nafplion Festival 2025\",\"description\":\"July 5-12 2025\",\"potentialAction\":[{\"@type\":\"SearchAction\",\"target\":{\"@type\":\"EntryPoint\",\"urlTemplate\":\"https:\/\/www.nafplionfestival.gr\/en\/?s={search_term_string}\"},\"query-input\":{\"@type\":\"PropertyValueSpecification\",\"valueRequired\":true,\"valueName\":\"search_term_string\"}}],\"inLanguage\":\"en-US\"},{\"@type\":\"Person\",\"@id\":\"https:\/\/www.nafplionfestival.gr\/en\/#\/schema\/person\/286f38c3df34d8bc2ef32365d6813c1b\",\"name\":\"sadmin\",\"url\":\"https:\/\/www.nafplionfestival.gr\/en\/author\/sadmin\/\"}]}<\/script>\n<!-- \/ Yoast SEO Premium plugin. -->","yoast_head_json":{"title":"Tuesday, July 2 - 34th Nafplion Festival 2025","robots":{"index":"index","follow":"follow","max-snippet":"max-snippet:-1","max-image-preview":"max-image-preview:large","max-video-preview":"max-video-preview:-1"},"canonical":"https:\/\/www.nafplionfestival.gr\/en\/2-7-2024-en\/","og_locale":"en_US","og_type":"article","og_title":"Tuesday, July 2","og_description":"Vysehrad Trio","og_url":"https:\/\/www.nafplionfestival.gr\/en\/2-7-2024-en\/","og_site_name":"34th Nafplion Festival 2025","article_publisher":"https:\/\/www.facebook.com\/nafplionfestival\/","article_published_time":"2024-05-21T06:44:54+00:00","article_modified_time":"2024-06-19T09:15:17+00:00","og_image":[{"width":1728,"height":1296,"url":"https:\/\/www.nafplionfestival.gr\/wp-content\/uploads\/2024\/05\/post_image_vysehrad.jpg","type":"image\/jpeg"}],"author":"sadmin","twitter_card":"summary_large_image","twitter_misc":{"Written by":"sadmin","Est. reading time":"5 minutes"},"schema":{"@context":"https:\/\/schema.org","@graph":[{"@type":"Article","@id":"https:\/\/www.nafplionfestival.gr\/en\/2-7-2024-en\/#article","isPartOf":{"@id":"https:\/\/www.nafplionfestival.gr\/en\/2-7-2024-en\/"},"author":{"name":"sadmin","@id":"https:\/\/www.nafplionfestival.gr\/en\/#\/schema\/person\/286f38c3df34d8bc2ef32365d6813c1b"},"headline":"Tuesday, July 2","datePublished":"2024-05-21T06:44:54+00:00","dateModified":"2024-06-19T09:15:17+00:00","mainEntityOfPage":{"@id":"https:\/\/www.nafplionfestival.gr\/en\/2-7-2024-en\/"},"wordCount":1101,"image":{"@id":"https:\/\/www.nafplionfestival.gr\/en\/2-7-2024-en\/#primaryimage"},"thumbnailUrl":"https:\/\/www.nafplionfestival.gr\/wp-content\/uploads\/2024\/05\/post_image_vysehrad.jpg","articleSection":["2024","Concerts"],"inLanguage":"en-US"},{"@type":"WebPage","@id":"https:\/\/www.nafplionfestival.gr\/en\/2-7-2024-en\/","url":"https:\/\/www.nafplionfestival.gr\/en\/2-7-2024-en\/","name":"Tuesday, July 2 - 34th Nafplion Festival 2025","isPartOf":{"@id":"https:\/\/www.nafplionfestival.gr\/en\/#website"},"primaryImageOfPage":{"@id":"https:\/\/www.nafplionfestival.gr\/en\/2-7-2024-en\/#primaryimage"},"image":{"@id":"https:\/\/www.nafplionfestival.gr\/en\/2-7-2024-en\/#primaryimage"},"thumbnailUrl":"https:\/\/www.nafplionfestival.gr\/wp-content\/uploads\/2024\/05\/post_image_vysehrad.jpg","datePublished":"2024-05-21T06:44:54+00:00","dateModified":"2024-06-19T09:15:17+00:00","author":{"@id":"https:\/\/www.nafplionfestival.gr\/en\/#\/schema\/person\/286f38c3df34d8bc2ef32365d6813c1b"},"breadcrumb":{"@id":"https:\/\/www.nafplionfestival.gr\/en\/2-7-2024-en\/#breadcrumb"},"inLanguage":"en-US","potentialAction":[{"@type":"ReadAction","target":["https:\/\/www.nafplionfestival.gr\/en\/2-7-2024-en\/"]}]},{"@type":"ImageObject","inLanguage":"en-US","@id":"https:\/\/www.nafplionfestival.gr\/en\/2-7-2024-en\/#primaryimage","url":"https:\/\/www.nafplionfestival.gr\/wp-content\/uploads\/2024\/05\/post_image_vysehrad.jpg","contentUrl":"https:\/\/www.nafplionfestival.gr\/wp-content\/uploads\/2024\/05\/post_image_vysehrad.jpg","width":1728,"height":1296},{"@type":"BreadcrumbList","@id":"https:\/\/www.nafplionfestival.gr\/en\/2-7-2024-en\/#breadcrumb","itemListElement":[{"@type":"ListItem","position":1,"name":"Home","item":"https:\/\/www.nafplionfestival.gr\/en\/"},{"@type":"ListItem","position":2,"name":"Tuesday, July 2"}]},{"@type":"WebSite","@id":"https:\/\/www.nafplionfestival.gr\/en\/#website","url":"https:\/\/www.nafplionfestival.gr\/en\/","name":"34th Nafplion Festival 2025","description":"July 5-12 2025","potentialAction":[{"@type":"SearchAction","target":{"@type":"EntryPoint","urlTemplate":"https:\/\/www.nafplionfestival.gr\/en\/?s={search_term_string}"},"query-input":{"@type":"PropertyValueSpecification","valueRequired":true,"valueName":"search_term_string"}}],"inLanguage":"en-US"},{"@type":"Person","@id":"https:\/\/www.nafplionfestival.gr\/en\/#\/schema\/person\/286f38c3df34d8bc2ef32365d6813c1b","name":"sadmin","url":"https:\/\/www.nafplionfestival.gr\/en\/author\/sadmin\/"}]}},"_links":{"self":[{"href":"https:\/\/www.nafplionfestival.gr\/en\/wp-json\/wp\/v2\/posts\/4248","targetHints":{"allow":["GET"]}}],"collection":[{"href":"https:\/\/www.nafplionfestival.gr\/en\/wp-json\/wp\/v2\/posts"}],"about":[{"href":"https:\/\/www.nafplionfestival.gr\/en\/wp-json\/wp\/v2\/types\/post"}],"author":[{"embeddable":true,"href":"https:\/\/www.nafplionfestival.gr\/en\/wp-json\/wp\/v2\/users\/1"}],"replies":[{"embeddable":true,"href":"https:\/\/www.nafplionfestival.gr\/en\/wp-json\/wp\/v2\/comments?post=4248"}],"version-history":[{"count":4,"href":"https:\/\/www.nafplionfestival.gr\/en\/wp-json\/wp\/v2\/posts\/4248\/revisions"}],"predecessor-version":[{"id":4511,"href":"https:\/\/www.nafplionfestival.gr\/en\/wp-json\/wp\/v2\/posts\/4248\/revisions\/4511"}],"wp:featuredmedia":[{"embeddable":true,"href":"https:\/\/www.nafplionfestival.gr\/en\/wp-json\/wp\/v2\/media\/4313"}],"wp:attachment":[{"href":"https:\/\/www.nafplionfestival.gr\/en\/wp-json\/wp\/v2\/media?parent=4248"}],"wp:term":[{"taxonomy":"category","embeddable":true,"href":"https:\/\/www.nafplionfestival.gr\/en\/wp-json\/wp\/v2\/categories?post=4248"},{"taxonomy":"post_tag","embeddable":true,"href":"https:\/\/www.nafplionfestival.gr\/en\/wp-json\/wp\/v2\/tags?post=4248"}],"curies":[{"name":"wp","href":"https:\/\/api.w.org\/{rel}","templated":true}]}}